[{"@context":"https:\/\/schema.org\/","@type":"Article","@id":"https:\/\/www.betynkai.cz\/dulezity-dekoracni-prvek\/#Article","mainEntityOfPage":"https:\/\/www.betynkai.cz\/dulezity-dekoracni-prvek\/","headline":"D\u016fle\u017eit\u00fd dekora\u010dn\u00ed prvek","name":"D\u016fle\u017eit\u00fd dekora\u010dn\u00ed prvek","description":"Vyp\u00edna\u010de a z\u00e1suvky. P\u0159edev\u0161\u00edm praktick\u00e9 vybaven\u00ed, bez n\u011bho\u017e se neobejde \u017e\u00e1dn\u00fd interi\u00e9r. Kdo takhle nahl\u00ed\u017e\u00ed na domovn\u00ed elektroinstalaci, tak nejsp\u00ed\u0161 zaspal dobu. V modern\u00edch interi\u00e9rech je elektroinstalace pov\u00fd\u0161ena na d\u016fle\u017eit\u00fd dekora\u010dn\u00ed prvek. A tak je nutn\u00e9 po\u010d\u00edtat i s designem. Kvalita a funk\u010dnost se p\u0159edpokl\u00e1d\u00e1 a vzhled boduje. Jestli chcete designov\u011b vyda\u0159en\u00e9 \u0159e\u0161en\u00ed, tak sv\u011btozn\u00e1m\u00e1 ...<br><a class=\"read-more-link btn btn-outline-secondary\" href=\"https:\/\/www.betynkai.cz\/dulezity-dekoracni-prvek\/\">Read more<\/a>","datePublished":"2023-09-29","dateModified":"2023-09-29","author":{"@type":"Person","@id":"https:\/\/www.betynkai.cz\/author\/#Person","name":"betynkai.cz\n","url":"https:\/\/www.betynkai.cz\/author\/","identifier":1,"image":{"@type":"ImageObject","@id":"https:\/\/secure.gravatar.com\/avatar\/b86e461e91a792eb6523c2667396c9868de382fea5dd80e25dc0d9e030173b65?s=96&d=mm&r=g","url":"https:\/\/secure.gravatar.com\/avatar\/b86e461e91a792eb6523c2667396c9868de382fea5dd80e25dc0d9e030173b65?s=96&d=mm&r=g","height":96,"width":96}},"publisher":{"@type":"Organization","name":"betynkai.cz","logo":{"@type":"ImageObject","@id":"\/logo.png","url":"\/logo.png","width":600,"height":60}},"url":"https:\/\/www.betynkai.cz\/dulezity-dekoracni-prvek\/","wordCount":236,"articleBody":"Vyp\u00edna\u010de a z\u00e1suvky. P\u0159edev\u0161\u00edm praktick\u00e9 vybaven\u00ed, bez n\u011bho\u017e se neobejde \u017e\u00e1dn\u00fd interi\u00e9r. Kdo takhle nahl\u00ed\u017e\u00ed na domovn\u00ed elektroinstalaci, tak nejsp\u00ed\u0161 zaspal dobu. V modern\u00edch interi\u00e9rech je elektroinstalace pov\u00fd\u0161ena na d\u016fle\u017eit\u00fd dekora\u010dn\u00ed prvek. A tak je nutn\u00e9 po\u010d\u00edtat i s designem. Kvalita a funk\u010dnost se p\u0159edpokl\u00e1d\u00e1 a vzhled boduje. Jestli chcete designov\u011b vyda\u0159en\u00e9 \u0159e\u0161en\u00ed, tak sv\u011btozn\u00e1m\u00e1 zna\u010dka v\u00e1m ho nab\u00edz\u00ed v mnoha variant\u00e1ch. Z r\u016fzn\u00fdch modelov\u00fdch \u0159ad si m\u016f\u017eete vybrat podle sv\u00e9ho vkusu. \u0158ada schneider quadro je pro milovn\u00edky jednoduch\u00fdch a \u010dist\u00fdch lini\u00ed.Skute\u010dn\u011b modern\u00ed elektroinstalaceNab\u00eddka e-shopu s domovn\u00edmi elektroinstala\u010dn\u00edmi p\u0159edm\u011bty firmy, kter\u00e1 vsadila na jejich design, zaujme naprosto ka\u017ed\u00e9ho. Jde o vysoce kvalitn\u00ed a dokonale funk\u010dn\u00ed produkty, kter\u00e9 maj\u00ed nav\u00edc i velmi atraktivn\u00ed vzhled. Ten, kdo chce, aby jeho vyp\u00edna\u010de a z\u00e1suvky nejen dob\u0159e slou\u017eily ale nav\u00edc i skv\u011ble vypadaly, si tu zaru\u010den\u011b vybere. Vyb\u00edrat je mo\u017en\u00e9 z r\u016fzn\u00fdch modelov\u00fdch \u0159ad, kter\u00e9 se li\u0161\u00ed tvarem, barevnost\u00ed i materi\u00e1lem. \u0158ada schneider quadro zaujme luxusn\u00edm minimalistick\u00fdm proveden\u00edm. Takov\u00e9 zpracov\u00e1n\u00ed p\u0159\u00edjemn\u011b p\u0159ekvap\u00ed a umo\u017en\u00ed doladit interi\u00e9r do posledn\u00edho detailu.                                                                                                                                                                                                                                                                                                                                                                                        4.2\/5 - (17 votes)        "},{"@context":"https:\/\/schema.org\/","@type":"BreadcrumbList","itemListElement":[{"@type":"ListItem","position":1,"name":"D\u016fle\u017eit\u00fd dekora\u010dn\u00ed prvek","item":"https:\/\/www.betynkai.cz\/dulezity-dekoracni-prvek\/#breadcrumbitem"}]}]