[{"@context":"https:\/\/schema.org\/","@type":"Article","@id":"https:\/\/www.betynkai.cz\/zelenina-pod-strechou\/#Article","mainEntityOfPage":"https:\/\/www.betynkai.cz\/zelenina-pod-strechou\/","headline":"Zelenina pod st\u0159echou","name":"Zelenina pod st\u0159echou","description":"Zahradni\u010den\u00ed je skute\u010dn\u011b velice p\u011bkn\u00fd kon\u00ed\u010dek, kter\u00fd v p\u0159\u00edpad\u011b, \u017ee se d\u011bl\u00e1 spr\u00e1vn\u011b, nese i sv\u00e9 ovoce a samoz\u0159ejm\u011b tak\u00e9 zeleninu. \u017del je mo\u017en\u00e9 za norm\u00e1ln\u00edch okolnost\u00ed p\u011bstovat pouze ve vegeta\u010dn\u00edm obdob\u00ed, ale nap\u0159\u00edklad v zimn\u00edch m\u011bs\u00edc\u00edch je to skoro nemo\u017en\u00e9. Mr\u00e1z by ve\u0161kerou \u00farodu zlikvidoval velice rychle. Ov\u0161em pokud si po\u0159\u00edd\u00edte kvalitn\u00ed sklen\u00edk, nemus\u00edte ...<br><a class=\"read-more-link btn btn-outline-secondary\" href=\"https:\/\/www.betynkai.cz\/zelenina-pod-strechou\/\">Read more<\/a>","datePublished":"2018-05-31","dateModified":"2023-05-05","author":{"@type":"Person","@id":"https:\/\/www.betynkai.cz\/author\/#Person","name":"betynkai.cz\n","url":"https:\/\/www.betynkai.cz\/author\/","identifier":1,"image":{"@type":"ImageObject","@id":"https:\/\/secure.gravatar.com\/avatar\/b86e461e91a792eb6523c2667396c9868de382fea5dd80e25dc0d9e030173b65?s=96&d=mm&r=g","url":"https:\/\/secure.gravatar.com\/avatar\/b86e461e91a792eb6523c2667396c9868de382fea5dd80e25dc0d9e030173b65?s=96&d=mm&r=g","height":96,"width":96}},"publisher":{"@type":"Organization","name":"betynkai.cz","logo":{"@type":"ImageObject","@id":"\/logo.png","url":"\/logo.png","width":600,"height":60}},"image":{"@type":"ImageObject","@id":"https:\/\/betynkai.cz\/wp-content\/uploads\/img_a345799_w2296_t1559303432.png","url":"https:\/\/betynkai.cz\/wp-content\/uploads\/img_a345799_w2296_t1559303432.png","height":"","width":""},"url":"https:\/\/www.betynkai.cz\/zelenina-pod-strechou\/","about":["Neza\u0159azen\u00e9"],"wordCount":421,"articleBody":"Zahradni\u010den\u00ed je skute\u010dn\u011b velice p\u011bkn\u00fd kon\u00ed\u010dek, kter\u00fd v p\u0159\u00edpad\u011b, \u017ee se d\u011bl\u00e1 spr\u00e1vn\u011b, nese i sv\u00e9 ovoce a samoz\u0159ejm\u011b tak\u00e9 zeleninu. \u017del je mo\u017en\u00e9 za norm\u00e1ln\u00edch okolnost\u00ed p\u011bstovat pouze ve vegeta\u010dn\u00edm obdob\u00ed, ale nap\u0159\u00edklad v zimn\u00edch m\u011bs\u00edc\u00edch je to skoro nemo\u017en\u00e9. Mr\u00e1z by ve\u0161kerou \u00farodu zlikvidoval velice rychle. Ov\u0161em pokud si po\u0159\u00edd\u00edte kvalitn\u00ed sklen\u00edk, nemus\u00edte se v\u00edce n\u00edzk\u00fdch venkovn\u00edch teplot ob\u00e1vat. Jakmile bude \u00faroda tak \u0159\u00edkaj\u00edc pod st\u0159echou, m\u011bla by b\u00fdt v bezpe\u010d\u00ed jak p\u0159ed mrazy, tak kup\u0159\u00edkladu i p\u0159ed nenechav\u00fdm dom\u00e1c\u00edm zv\u00ed\u0159ectvem.\tDva typyObecn\u011b mezi laiky p\u0159evl\u00e1d\u00e1 n\u00e1zor, \u017ee sklen\u00edk rovn\u00e1 se sklo. Z jedn\u00e9 \u010d\u00e1sti je to samoz\u0159ejm\u011b pravda. Klasick\u00e9 sklen\u00edky se vyr\u00e1b\u011bj\u00ed ze skla, tedy alespo\u0148 jejich v\u00fdpln\u011b, ale existuj\u00ed i jin\u00e9 modely, kter\u00e9 maj\u00ed v\u00fdpl\u0148 z polykarbon\u00e1tu. Tento druh materi\u00e1lu je zn\u00e1m t\u00edm, \u017ee dob\u0159e izoluje teplo, d\u00edky \u010demu\u017e je vhodn\u00fd do sklen\u00edk\u016f, kter\u00e9 se pou\u017e\u00edvaj\u00ed pr\u00e1v\u011b pro celoro\u010dn\u00ed p\u011bstov\u00e1n\u00ed. Snadn\u011bji se v t\u011bchto typech udr\u017euje teplota i bez toho, \u017ee by bylo nutn\u00e9 pou\u017e\u00edt n\u011bjak\u00fd druh mobiln\u00edho topn\u00e9ho za\u0159\u00edzen\u00ed. Nejide\u00e1ln\u011bj\u0161\u00ed m\u00edsto pro sklen\u00edk, a to plat\u00ed jak pro sklen\u011bn\u00fd, tak i polykarbon\u00e1tov\u00fd, je v t\u011bsn\u00e9 bl\u00edzkosti domu. Takto toti\u017e m\u016f\u017ee b\u00fdt pasivn\u011b vyh\u0159\u00edv\u00e1n.Ur\u010ditou alternativou pak mohou b\u00fdt f\u00f3liovn\u00edky, kter\u00e9 ale nejdou pou\u017e\u00edt p\u0159es zimu. Na rozd\u00edl od sklen\u00edk\u016f jsou ale daleko levn\u011bj\u0161\u00ed a kdy\u017e na to p\u0159ijde, m\u016f\u017eete si klidn\u011b jeden takov\u00fd vytvo\u0159it i doma sv\u00e9pomoci. Nebudete k tomu pot\u0159ebovat mnoho materi\u00e1lu. Sta\u010d\u00ed si sehnat d\u0159ev\u011bn\u00e9 \u010di hlin\u00edkov\u00e9 profily na sestaven\u00ed kostry a samoz\u0159ejm\u011b f\u00f3lii, kterou pak kostru p\u011bkn\u011b obal\u00edte. Samoz\u0159ejm\u011b, \u017ee nesm\u00edte koupit prvn\u00ed f\u00f3lii, na kterou v obchod\u011b naraz\u00edte, ale kvalitn\u00ed typ, kter\u00fd se p\u0159i prvn\u00ed v\u011bt\u0159\u00edku nepotrh\u00e1. Takto si vytvo\u0159\u00edte jednoduch\u00e9 kryt\u00ed, kter\u00e9 va\u0161i \u00farodu ochr\u00e1n\u00ed p\u0159ed zv\u011b\u0159\u00ed i n\u011bkter\u00fdmi vrtochy po\u010das\u00ed. Mus\u00edte v\u0161ak db\u00e1t na to, aby byl f\u00f3liovn\u00edk po\u0159\u00e1dn\u011b ukotven.                                                                                                                                                                                                                                                                                                                                                                                        4.5\/5 - (11 votes)        "},{"@context":"https:\/\/schema.org\/","@type":"BreadcrumbList","itemListElement":[{"@type":"ListItem","position":1,"name":"Zelenina pod st\u0159echou","item":"https:\/\/www.betynkai.cz\/zelenina-pod-strechou\/#breadcrumbitem"}]}]